{"id":160681,"date":"2025-10-01T10:06:07","date_gmt":"2025-10-01T10:06:07","guid":{"rendered":"https:\/\/www.pv-tech.org\/?p=160681"},"modified":"2025-10-01T10:06:10","modified_gmt":"2025-10-01T10:06:10","slug":"fortis-energy-receives-construction-permit-serbia-solar-plus-storage-project","status":"publish","type":"post","link":"https:\/\/www.pv-tech.org\/fortis-energy-receives-construction-permit-serbia-solar-plus-storage-project\/","title":{"rendered":"Fortis Energy receives construction permit for Serbia 270MW\/72MWh solar-plus-storage project"},"content":{"rendered":"\n<figure class=\"wp-block-image size-large\"><img fetchpriority=\"high\" decoding=\"async\" width=\"1024\" height=\"679\" src=\"https:\/\/www.pv-tech.org\/wp-content\/uploads\/2025\/10\/Fortis-Serbia-PV-bess-1024x679.jpg\" alt=\"\" class=\"wp-image-160682\" srcset=\"https:\/\/www.pv-tech.org\/wp-content\/uploads\/2025\/10\/Fortis-Serbia-PV-bess-1024x679.jpg 1024w, https:\/\/www.pv-tech.org\/wp-content\/uploads\/2025\/10\/Fortis-Serbia-PV-bess-300x199.jpg 300w, https:\/\/www.pv-tech.org\/wp-content\/uploads\/2025\/10\/Fortis-Serbia-PV-bess-768x509.jpg 768w, https:\/\/www.pv-tech.org\/wp-content\/uploads\/2025\/10\/Fortis-Serbia-PV-bess.jpg 1207w\" sizes=\"(max-width: 1024px) 100vw, 1024px\" \/><figcaption class=\"wp-element-caption\">Fortis Energy plans to begin work on the 270MW PV\/72MWh BESS project in Q2 2026. Image: Fortis Energy.<\/figcaption><\/figure>\n\n\n\n<p>Fortis Energy has secured a construction permit for a 270MW PV plant combined with a 72MWh battery energy storage system (BESS) in Serbia.<\/p>\n\n\n\n<p>The Turkish renewable energy company said that once operational, the project would be one of the largest combined solar-plus-storage projects in southeastern Europe.<\/p>\n\n\n\n<p>The company <a href=\"https:\/\/www.pv-tech.org\/fortis-energy-acquires-180mw-solar-plus-storage-project-serbia\/\">announced the acquisition<\/a> of the project from an unnamed party in 2024. Initially, the stated BESS component was 36MWh.<\/p>\n\n\n\n<p>According to an update on the project on its LinkedIn page, Fortis said it had a grid connection permit for 180MW AC and that construction would begin in the second quarter of 2026. The project will be built on a site located south of the Sava River, near the city of Sremska Mitrovica, west of Belgrade.<\/p>\n\n\n\n<p>Fortis said it had a 2.5GW pipeline of renewable energy projects under development in its focus markets in Central and Eastern Europe, with an aim to bring 1.2GW of these to fruition by 2027. Most of its operational projects are in its home market of Turkey, but the company has a growing presence in the Balkans.<\/p>\n\n\n\n<p><em>The opportunities and challenges of building large-scale PV projects will be under the microscope at Large Scale Solar Central and Eastern Europe in Poland on 25-26 November. For details and booking, click <a href=\"https:\/\/lsscee.solarenergyevents.com\/\">here<\/a>.<\/em><\/p>\n\n\n\n<p><\/p>\n","protected":false},"excerpt":{"rendered":"<p>Fortis Energy has secured a construction permit for a 270MW PV plant combined with a 72MWh battery energy storage system in Serbia.<\/p>\n","protected":false},"author":3,"featured_media":160682,"comment_status":"closed","ping_status":"closed","sticky":false,"template":"","format":"standard","meta":{"_acf_changed":false,"inline_featured_image":false,"footnotes":""},"categories":[1],"tags":[4629,10953,56,12623,8849,9412,9343,8700],"paywall-tags":[],"regions":[28],"industry-segments":[9,23,19],"class_list":["post-160681","post","type-post","status-publish","format-standard","has-post-thumbnail","hentry","category-news","tag-cee","tag-central-eastern-europe","tag-europe","tag-fortis-energy","tag-large-scale-solar-2","tag-lsscee","tag-serbia","tag-solar-plus-storage-2","regions-europe","industry-segments-power-plants","industry-segments-projects","industry-segments-storage"],"acf":[],"yoast_head":"<!-- This site is optimized with the Yoast SEO Premium plugin v26.4 (Yoast SEO v26.4) - https:\/\/yoast.com\/wordpress\/plugins\/seo\/ -->\n<title>Fortis Energy receives construction permit for Serbia 270MW\/72MWh solar-plus-storage project - PV Tech<\/title>\n<meta name=\"description\" content=\"Fortis Energy has secured a construction permit for a 270MW PV plant combined with a 72MWh battery energy storage system in Serbia.\" \/>\n<meta name=\"robots\" content=\"index, follow, max-snippet:-1, max-image-preview:large, max-video-preview:-1\" \/>\n<link rel=\"canonical\" href=\"https:\/\/www.pv-tech.org\/fortis-energy-receives-construction-permit-serbia-solar-plus-storage-project\/\" \/>\n<meta property=\"og:locale\" content=\"en_US\" \/>\n<meta property=\"og:type\" content=\"article\" \/>\n<meta property=\"og:title\" content=\"Fortis Energy receives construction permit for Serbia 270MW\/72MWh solar-plus-storage project\" \/>\n<meta property=\"og:description\" content=\"Fortis Energy has secured a construction permit for a 270MW PV plant combined with a 72MWh battery energy storage system in Serbia.\" \/>\n<meta property=\"og:url\" content=\"https:\/\/www.pv-tech.org\/fortis-energy-receives-construction-permit-serbia-solar-plus-storage-project\/\" \/>\n<meta property=\"og:site_name\" content=\"PV Tech\" \/>\n<meta property=\"article:publisher\" content=\"https:\/\/www.facebook.com\/pages\/PV-Tech\/360525490632679\" \/>\n<meta property=\"article:published_time\" content=\"2025-10-01T10:06:07+00:00\" \/>\n<meta property=\"article:modified_time\" content=\"2025-10-01T10:06:10+00:00\" \/>\n<meta property=\"og:image\" content=\"https:\/\/www.pv-tech.org\/wp-content\/uploads\/2025\/10\/Fortis-Serbia-PV-bess.jpg\" \/>\n\t<meta property=\"og:image:width\" content=\"1207\" \/>\n\t<meta property=\"og:image:height\" content=\"800\" \/>\n\t<meta property=\"og:image:type\" content=\"image\/jpeg\" \/>\n<meta name=\"author\" content=\"Ben Willis\" \/>\n<meta name=\"twitter:card\" content=\"summary_large_image\" \/>\n<meta name=\"twitter:creator\" content=\"@pv_tech\" \/>\n<meta name=\"twitter:site\" content=\"@pv_tech\" \/>\n<meta name=\"twitter:label1\" content=\"Written by\" \/>\n\t<meta name=\"twitter:data1\" content=\"Ben Willis\" \/>\n\t<meta name=\"twitter:label2\" content=\"Est. reading time\" \/>\n\t<meta name=\"twitter:data2\" content=\"2 minutes\" \/>\n<script type=\"application\/ld+json\" class=\"yoast-schema-graph\">{\"@context\":\"https:\/\/schema.org\",\"@graph\":[{\"@type\":\"Article\",\"@id\":\"https:\/\/www.pv-tech.org\/fortis-energy-receives-construction-permit-serbia-solar-plus-storage-project\/#article\",\"isPartOf\":{\"@id\":\"https:\/\/www.pv-tech.org\/fortis-energy-receives-construction-permit-serbia-solar-plus-storage-project\/\"},\"author\":{\"name\":\"Ben Willis\",\"@id\":\"https:\/\/www.pv-tech.org\/#\/schema\/person\/18aa7687ef8eaa4a4053dbc5206d706a\"},\"headline\":\"Fortis Energy receives construction permit for Serbia 270MW\/72MWh solar-plus-storage project\",\"datePublished\":\"2025-10-01T10:06:07+00:00\",\"dateModified\":\"2025-10-01T10:06:10+00:00\",\"mainEntityOfPage\":{\"@id\":\"https:\/\/www.pv-tech.org\/fortis-energy-receives-construction-permit-serbia-solar-plus-storage-project\/\"},\"wordCount\":238,\"publisher\":{\"@id\":\"https:\/\/www.pv-tech.org\/#organization\"},\"image\":{\"@id\":\"https:\/\/www.pv-tech.org\/fortis-energy-receives-construction-permit-serbia-solar-plus-storage-project\/#primaryimage\"},\"thumbnailUrl\":\"https:\/\/www.pv-tech.org\/wp-content\/uploads\/2025\/10\/Fortis-Serbia-PV-bess.jpg\",\"keywords\":[\"cee\",\"Central &amp; Eastern Europe\",\"europe\",\"fortis energy\",\"large-scale solar\",\"lsscee\",\"Serbia\",\"solar-plus-storage\"],\"articleSection\":[\"News\"],\"inLanguage\":\"en-US\",\"copyrightYear\":\"2025\",\"copyrightHolder\":{\"@id\":\"https:\/\/www.pv-tech.org\/#organization\"}},{\"@type\":\"WebPage\",\"@id\":\"https:\/\/www.pv-tech.org\/fortis-energy-receives-construction-permit-serbia-solar-plus-storage-project\/\",\"url\":\"https:\/\/www.pv-tech.org\/fortis-energy-receives-construction-permit-serbia-solar-plus-storage-project\/\",\"name\":\"Fortis Energy receives construction permit for Serbia 270MW\/72MWh solar-plus-storage project - PV Tech\",\"isPartOf\":{\"@id\":\"https:\/\/www.pv-tech.org\/#website\"},\"primaryImageOfPage\":{\"@id\":\"https:\/\/www.pv-tech.org\/fortis-energy-receives-construction-permit-serbia-solar-plus-storage-project\/#primaryimage\"},\"image\":{\"@id\":\"https:\/\/www.pv-tech.org\/fortis-energy-receives-construction-permit-serbia-solar-plus-storage-project\/#primaryimage\"},\"thumbnailUrl\":\"https:\/\/www.pv-tech.org\/wp-content\/uploads\/2025\/10\/Fortis-Serbia-PV-bess.jpg\",\"datePublished\":\"2025-10-01T10:06:07+00:00\",\"dateModified\":\"2025-10-01T10:06:10+00:00\",\"description\":\"Fortis Energy has secured a construction permit for a 270MW PV plant combined with a 72MWh battery energy storage system in Serbia.\",\"breadcrumb\":{\"@id\":\"https:\/\/www.pv-tech.org\/fortis-energy-receives-construction-permit-serbia-solar-plus-storage-project\/#breadcrumb\"},\"inLanguage\":\"en-US\",\"potentialAction\":[{\"@type\":\"ReadAction\",\"target\":[\"https:\/\/www.pv-tech.org\/fortis-energy-receives-construction-permit-serbia-solar-plus-storage-project\/\"]}]},{\"@type\":\"ImageObject\",\"inLanguage\":\"en-US\",\"@id\":\"https:\/\/www.pv-tech.org\/fortis-energy-receives-construction-permit-serbia-solar-plus-storage-project\/#primaryimage\",\"url\":\"https:\/\/www.pv-tech.org\/wp-content\/uploads\/2025\/10\/Fortis-Serbia-PV-bess.jpg\",\"contentUrl\":\"https:\/\/www.pv-tech.org\/wp-content\/uploads\/2025\/10\/Fortis-Serbia-PV-bess.jpg\",\"width\":1207,\"height\":800,\"caption\":\"B\u0130YOGAZ 20.01 Kopyas\u0131 Kopyas\u0131 - 1207\"},{\"@type\":\"BreadcrumbList\",\"@id\":\"https:\/\/www.pv-tech.org\/fortis-energy-receives-construction-permit-serbia-solar-plus-storage-project\/#breadcrumb\",\"itemListElement\":[{\"@type\":\"ListItem\",\"position\":1,\"name\":\"Home\",\"item\":\"https:\/\/www.pv-tech.org\/\"},{\"@type\":\"ListItem\",\"position\":2,\"name\":\"Fortis Energy receives construction permit for Serbia 270MW\/72MWh solar-plus-storage project\"}]},{\"@type\":\"WebSite\",\"@id\":\"https:\/\/www.pv-tech.org\/#website\",\"url\":\"https:\/\/www.pv-tech.org\/\",\"name\":\"PV Tech\",\"description\":\"The number one source for in-depth and up-to-the-minute news, technical articles, blogs and reviews on the international solar PV supply chain.\",\"publisher\":{\"@id\":\"https:\/\/www.pv-tech.org\/#organization\"},\"potentialAction\":[{\"@type\":\"SearchAction\",\"target\":{\"@type\":\"EntryPoint\",\"urlTemplate\":\"https:\/\/www.pv-tech.org\/?s={search_term_string}\"},\"query-input\":{\"@type\":\"PropertyValueSpecification\",\"valueRequired\":true,\"valueName\":\"search_term_string\"}}],\"inLanguage\":\"en-US\"},{\"@type\":\"Organization\",\"@id\":\"https:\/\/www.pv-tech.org\/#organization\",\"name\":\"PV Tech\",\"url\":\"https:\/\/www.pv-tech.org\/\",\"logo\":{\"@type\":\"ImageObject\",\"inLanguage\":\"en-US\",\"@id\":\"https:\/\/www.pv-tech.org\/#\/schema\/logo\/image\/\",\"url\":\"https:\/\/www.pv-tech.org\/wp-content\/uploads\/2020\/11\/pv-tech-logo.png\",\"contentUrl\":\"https:\/\/www.pv-tech.org\/wp-content\/uploads\/2020\/11\/pv-tech-logo.png\",\"width\":437,\"height\":100,\"caption\":\"PV Tech\"},\"image\":{\"@id\":\"https:\/\/www.pv-tech.org\/#\/schema\/logo\/image\/\"},\"sameAs\":[\"https:\/\/www.facebook.com\/pages\/PV-Tech\/360525490632679\",\"https:\/\/x.com\/pv_tech\"]},{\"@type\":\"Person\",\"@id\":\"https:\/\/www.pv-tech.org\/#\/schema\/person\/18aa7687ef8eaa4a4053dbc5206d706a\",\"name\":\"Ben Willis\",\"image\":{\"@type\":\"ImageObject\",\"inLanguage\":\"en-US\",\"@id\":\"https:\/\/www.pv-tech.org\/#\/schema\/person\/image\/\",\"url\":\"https:\/\/secure.gravatar.com\/avatar\/047c4231925c8e51f3f2489482f15e534ad898950046239ed83003da95e91110?s=96&d=mm&r=g\",\"contentUrl\":\"https:\/\/secure.gravatar.com\/avatar\/047c4231925c8e51f3f2489482f15e534ad898950046239ed83003da95e91110?s=96&d=mm&r=g\",\"caption\":\"Ben Willis\"},\"description\":\"Ben Willis is Solar Media\u2019s Head of Content. Ben is an award-winning journalist and editor with a background in environmental, development and social policy issues. His work has appeared in the Guardian and Telegraph, and numerous consumer and specialist publications, including Geographical and The Ecologist magazines. In 2008 he won the Guardian\u2019s award for international development journalism for coverage of the impacts of climate change in West Africa and Southeast Asia.\u201d\",\"url\":\"https:\/\/www.pv-tech.org\/author\/ben-willis\/\"}]}<\/script>\n<!-- \/ Yoast SEO Premium plugin. -->","yoast_head_json":{"title":"Fortis Energy receives construction permit for Serbia 270MW\/72MWh solar-plus-storage project - PV Tech","description":"Fortis Energy has secured a construction permit for a 270MW PV plant combined with a 72MWh battery energy storage system in Serbia.","robots":{"index":"index","follow":"follow","max-snippet":"max-snippet:-1","max-image-preview":"max-image-preview:large","max-video-preview":"max-video-preview:-1"},"canonical":"https:\/\/www.pv-tech.org\/fortis-energy-receives-construction-permit-serbia-solar-plus-storage-project\/","og_locale":"en_US","og_type":"article","og_title":"Fortis Energy receives construction permit for Serbia 270MW\/72MWh solar-plus-storage project","og_description":"Fortis Energy has secured a construction permit for a 270MW PV plant combined with a 72MWh battery energy storage system in Serbia.","og_url":"https:\/\/www.pv-tech.org\/fortis-energy-receives-construction-permit-serbia-solar-plus-storage-project\/","og_site_name":"PV Tech","article_publisher":"https:\/\/www.facebook.com\/pages\/PV-Tech\/360525490632679","article_published_time":"2025-10-01T10:06:07+00:00","article_modified_time":"2025-10-01T10:06:10+00:00","og_image":[{"width":1207,"height":800,"url":"https:\/\/www.pv-tech.org\/wp-content\/uploads\/2025\/10\/Fortis-Serbia-PV-bess.jpg","type":"image\/jpeg"}],"author":"Ben Willis","twitter_card":"summary_large_image","twitter_creator":"@pv_tech","twitter_site":"@pv_tech","twitter_misc":{"Written by":"Ben Willis","Est. reading time":"2 minutes"},"schema":{"@context":"https:\/\/schema.org","@graph":[{"@type":"Article","@id":"https:\/\/www.pv-tech.org\/fortis-energy-receives-construction-permit-serbia-solar-plus-storage-project\/#article","isPartOf":{"@id":"https:\/\/www.pv-tech.org\/fortis-energy-receives-construction-permit-serbia-solar-plus-storage-project\/"},"author":{"name":"Ben Willis","@id":"https:\/\/www.pv-tech.org\/#\/schema\/person\/18aa7687ef8eaa4a4053dbc5206d706a"},"headline":"Fortis Energy receives construction permit for Serbia 270MW\/72MWh solar-plus-storage project","datePublished":"2025-10-01T10:06:07+00:00","dateModified":"2025-10-01T10:06:10+00:00","mainEntityOfPage":{"@id":"https:\/\/www.pv-tech.org\/fortis-energy-receives-construction-permit-serbia-solar-plus-storage-project\/"},"wordCount":238,"publisher":{"@id":"https:\/\/www.pv-tech.org\/#organization"},"image":{"@id":"https:\/\/www.pv-tech.org\/fortis-energy-receives-construction-permit-serbia-solar-plus-storage-project\/#primaryimage"},"thumbnailUrl":"https:\/\/www.pv-tech.org\/wp-content\/uploads\/2025\/10\/Fortis-Serbia-PV-bess.jpg","keywords":["cee","Central &amp; Eastern Europe","europe","fortis energy","large-scale solar","lsscee","Serbia","solar-plus-storage"],"articleSection":["News"],"inLanguage":"en-US","copyrightYear":"2025","copyrightHolder":{"@id":"https:\/\/www.pv-tech.org\/#organization"}},{"@type":"WebPage","@id":"https:\/\/www.pv-tech.org\/fortis-energy-receives-construction-permit-serbia-solar-plus-storage-project\/","url":"https:\/\/www.pv-tech.org\/fortis-energy-receives-construction-permit-serbia-solar-plus-storage-project\/","name":"Fortis Energy receives construction permit for Serbia 270MW\/72MWh solar-plus-storage project - PV Tech","isPartOf":{"@id":"https:\/\/www.pv-tech.org\/#website"},"primaryImageOfPage":{"@id":"https:\/\/www.pv-tech.org\/fortis-energy-receives-construction-permit-serbia-solar-plus-storage-project\/#primaryimage"},"image":{"@id":"https:\/\/www.pv-tech.org\/fortis-energy-receives-construction-permit-serbia-solar-plus-storage-project\/#primaryimage"},"thumbnailUrl":"https:\/\/www.pv-tech.org\/wp-content\/uploads\/2025\/10\/Fortis-Serbia-PV-bess.jpg","datePublished":"2025-10-01T10:06:07+00:00","dateModified":"2025-10-01T10:06:10+00:00","description":"Fortis Energy has secured a construction permit for a 270MW PV plant combined with a 72MWh battery energy storage system in Serbia.","breadcrumb":{"@id":"https:\/\/www.pv-tech.org\/fortis-energy-receives-construction-permit-serbia-solar-plus-storage-project\/#breadcrumb"},"inLanguage":"en-US","potentialAction":[{"@type":"ReadAction","target":["https:\/\/www.pv-tech.org\/fortis-energy-receives-construction-permit-serbia-solar-plus-storage-project\/"]}]},{"@type":"ImageObject","inLanguage":"en-US","@id":"https:\/\/www.pv-tech.org\/fortis-energy-receives-construction-permit-serbia-solar-plus-storage-project\/#primaryimage","url":"https:\/\/www.pv-tech.org\/wp-content\/uploads\/2025\/10\/Fortis-Serbia-PV-bess.jpg","contentUrl":"https:\/\/www.pv-tech.org\/wp-content\/uploads\/2025\/10\/Fortis-Serbia-PV-bess.jpg","width":1207,"height":800,"caption":"B\u0130YOGAZ 20.01 Kopyas\u0131 Kopyas\u0131 - 1207"},{"@type":"BreadcrumbList","@id":"https:\/\/www.pv-tech.org\/fortis-energy-receives-construction-permit-serbia-solar-plus-storage-project\/#breadcrumb","itemListElement":[{"@type":"ListItem","position":1,"name":"Home","item":"https:\/\/www.pv-tech.org\/"},{"@type":"ListItem","position":2,"name":"Fortis Energy receives construction permit for Serbia 270MW\/72MWh solar-plus-storage project"}]},{"@type":"WebSite","@id":"https:\/\/www.pv-tech.org\/#website","url":"https:\/\/www.pv-tech.org\/","name":"PV Tech","description":"The number one source for in-depth and up-to-the-minute news, technical articles, blogs and reviews on the international solar PV supply chain.","publisher":{"@id":"https:\/\/www.pv-tech.org\/#organization"},"potentialAction":[{"@type":"SearchAction","target":{"@type":"EntryPoint","urlTemplate":"https:\/\/www.pv-tech.org\/?s={search_term_string}"},"query-input":{"@type":"PropertyValueSpecification","valueRequired":true,"valueName":"search_term_string"}}],"inLanguage":"en-US"},{"@type":"Organization","@id":"https:\/\/www.pv-tech.org\/#organization","name":"PV Tech","url":"https:\/\/www.pv-tech.org\/","logo":{"@type":"ImageObject","inLanguage":"en-US","@id":"https:\/\/www.pv-tech.org\/#\/schema\/logo\/image\/","url":"https:\/\/www.pv-tech.org\/wp-content\/uploads\/2020\/11\/pv-tech-logo.png","contentUrl":"https:\/\/www.pv-tech.org\/wp-content\/uploads\/2020\/11\/pv-tech-logo.png","width":437,"height":100,"caption":"PV Tech"},"image":{"@id":"https:\/\/www.pv-tech.org\/#\/schema\/logo\/image\/"},"sameAs":["https:\/\/www.facebook.com\/pages\/PV-Tech\/360525490632679","https:\/\/x.com\/pv_tech"]},{"@type":"Person","@id":"https:\/\/www.pv-tech.org\/#\/schema\/person\/18aa7687ef8eaa4a4053dbc5206d706a","name":"Ben Willis","image":{"@type":"ImageObject","inLanguage":"en-US","@id":"https:\/\/www.pv-tech.org\/#\/schema\/person\/image\/","url":"https:\/\/secure.gravatar.com\/avatar\/047c4231925c8e51f3f2489482f15e534ad898950046239ed83003da95e91110?s=96&d=mm&r=g","contentUrl":"https:\/\/secure.gravatar.com\/avatar\/047c4231925c8e51f3f2489482f15e534ad898950046239ed83003da95e91110?s=96&d=mm&r=g","caption":"Ben Willis"},"description":"Ben Willis is Solar Media\u2019s Head of Content. Ben is an award-winning journalist and editor with a background in environmental, development and social policy issues. His work has appeared in the Guardian and Telegraph, and numerous consumer and specialist publications, including Geographical and The Ecologist magazines. In 2008 he won the Guardian\u2019s award for international development journalism for coverage of the impacts of climate change in West Africa and Southeast Asia.\u201d","url":"https:\/\/www.pv-tech.org\/author\/ben-willis\/"}]}},"_links":{"self":[{"href":"https:\/\/www.pv-tech.org\/wp-json\/wp\/v2\/posts\/160681","targetHints":{"allow":["GET"]}}],"collection":[{"href":"https:\/\/www.pv-tech.org\/wp-json\/wp\/v2\/posts"}],"about":[{"href":"https:\/\/www.pv-tech.org\/wp-json\/wp\/v2\/types\/post"}],"author":[{"embeddable":true,"href":"https:\/\/www.pv-tech.org\/wp-json\/wp\/v2\/users\/3"}],"replies":[{"embeddable":true,"href":"https:\/\/www.pv-tech.org\/wp-json\/wp\/v2\/comments?post=160681"}],"version-history":[{"count":2,"href":"https:\/\/www.pv-tech.org\/wp-json\/wp\/v2\/posts\/160681\/revisions"}],"predecessor-version":[{"id":160689,"href":"https:\/\/www.pv-tech.org\/wp-json\/wp\/v2\/posts\/160681\/revisions\/160689"}],"wp:featuredmedia":[{"embeddable":true,"href":"https:\/\/www.pv-tech.org\/wp-json\/wp\/v2\/media\/160682"}],"wp:attachment":[{"href":"https:\/\/www.pv-tech.org\/wp-json\/wp\/v2\/media?parent=160681"}],"wp:term":[{"taxonomy":"category","embeddable":true,"href":"https:\/\/www.pv-tech.org\/wp-json\/wp\/v2\/categories?post=160681"},{"taxonomy":"post_tag","embeddable":true,"href":"https:\/\/www.pv-tech.org\/wp-json\/wp\/v2\/tags?post=160681"},{"taxonomy":"paywall-tags","embeddable":true,"href":"https:\/\/www.pv-tech.org\/wp-json\/wp\/v2\/paywall-tags?post=160681"},{"taxonomy":"regions","embeddable":true,"href":"https:\/\/www.pv-tech.org\/wp-json\/wp\/v2\/regions?post=160681"},{"taxonomy":"industry-segments","embeddable":true,"href":"https:\/\/www.pv-tech.org\/wp-json\/wp\/v2\/industry-segments?post=160681"}],"curies":[{"name":"wp","href":"https:\/\/api.w.org\/{rel}","templated":true}]}}